{"id":11198,"date":"2023-01-26T12:48:41","date_gmt":"2023-01-26T12:48:41","guid":{"rendered":"https:\/\/www.cimettafund.org\/?p=11198"},"modified":"2023-01-27T13:56:57","modified_gmt":"2023-01-27T13:56:57","slug":"rencontre-des-arts-de-la-scene-en-mediterranee-casablanca-2-2-2","status":"publish","type":"post","link":"https:\/\/www.cimettafund.org\/en\/blog\/2023\/01\/26\/rencontre-des-arts-de-la-scene-en-mediterranee-casablanca-2-2-2\/","title":{"rendered":"On The Move &#8211; Appel \u00e0 candidatures pour un atelier destin\u00e9 aux acteurs de la mobilit\u00e9 culturelle"},"content":{"rendered":"\t\t<div data-elementor-type=\"wp-post\" data-elementor-id=\"11198\" class=\"elementor elementor-11198\">\n\t\t\t\t\t\t<section class=\"elementor-section elementor-top-section elementor-element elementor-element-6219ac15 elementor-section-boxed elementor-section-height-default elementor-section-height-default\" data-id=\"6219ac15\" data-element_type=\"section\">\n\t\t\t\t\t\t<div class=\"elementor-container elementor-column-gap-default\">\n\t\t\t\t\t<div class=\"elementor-column elementor-col-100 elementor-top-column elementor-element elementor-element-6e1f75dd\" data-id=\"6e1f75dd\" data-element_type=\"column\">\n\t\t\t<div class=\"elementor-widget-wrap elementor-element-populated\">\n\t\t\t\t\t\t<div class=\"elementor-element elementor-element-a73c3fa elementor-widget elementor-widget-image\" data-id=\"a73c3fa\" data-element_type=\"widget\" data-widget_type=\"image.default\">\n\t\t\t\t<div class=\"elementor-widget-container\">\n\t\t\t<style>\/*! elementor - v3.22.0 - 26-06-2024 *\/\n.elementor-widget-image{text-align:center}.elementor-widget-image a{display:inline-block}.elementor-widget-image a img[src$=\".svg\"]{width:48px}.elementor-widget-image img{vertical-align:middle;display:inline-block}<\/style>\t\t\t\t\t\t\t\t\t\t<img fetchpriority=\"high\" decoding=\"async\" width=\"1024\" height=\"320\" src=\"https:\/\/www.cimettafund.org\/wp-content\/uploads\/2023\/01\/Sans-titre-29-1024x320.jpg\" class=\"attachment-large size-large wp-image-11202\" alt=\"\" srcset=\"https:\/\/www.cimettafund.org\/wp-content\/uploads\/2023\/01\/Sans-titre-29-1024x320.jpg 1024w, https:\/\/www.cimettafund.org\/wp-content\/uploads\/2023\/01\/Sans-titre-29-300x94.jpg 300w, https:\/\/www.cimettafund.org\/wp-content\/uploads\/2023\/01\/Sans-titre-29-768x240.jpg 768w, https:\/\/www.cimettafund.org\/wp-content\/uploads\/2023\/01\/Sans-titre-29-1536x480.jpg 1536w, https:\/\/www.cimettafund.org\/wp-content\/uploads\/2023\/01\/Sans-titre-29-415x130.jpg 415w, https:\/\/www.cimettafund.org\/wp-content\/uploads\/2023\/01\/Sans-titre-29-650x203.jpg 650w, https:\/\/www.cimettafund.org\/wp-content\/uploads\/2023\/01\/Sans-titre-29-250x78.jpg 250w, https:\/\/www.cimettafund.org\/wp-content\/uploads\/2023\/01\/Sans-titre-29.jpg 1920w\" sizes=\"(max-width: 1024px) 100vw, 1024px\" \/>\t\t\t\t\t\t\t\t\t\t\t\t\t<\/div>\n\t\t\t\t<\/div>\n\t\t\t\t<div class=\"elementor-element elementor-element-7c393c90 elementor-widget elementor-widget-text-editor\" data-id=\"7c393c90\" data-element_type=\"widget\" data-widget_type=\"text-editor.default\">\n\t\t\t\t<div class=\"elementor-widget-container\">\n\t\t\t<style>\/*! elementor - v3.22.0 - 26-06-2024 *\/\n.elementor-widget-text-editor.elementor-drop-cap-view-stacked .elementor-drop-cap{background-color:#69727d;color:#fff}.elementor-widget-text-editor.elementor-drop-cap-view-framed .elementor-drop-cap{color:#69727d;border:3px solid;background-color:transparent}.elementor-widget-text-editor:not(.elementor-drop-cap-view-default) .elementor-drop-cap{margin-top:8px}.elementor-widget-text-editor:not(.elementor-drop-cap-view-default) .elementor-drop-cap-letter{width:1em;height:1em}.elementor-widget-text-editor .elementor-drop-cap{float:left;text-align:center;line-height:1;font-size:50px}.elementor-widget-text-editor .elementor-drop-cap-letter{display:inline-block}<\/style>\t\t\t\t<p>Dans le cadre de son programme pluriannuel, <b>On the Move<\/b> propose chaque ann\u00e9e un atelier pour les acteurs de la mobilit\u00e9 culturelle. L&#8217;objectif est de renforcer la capacit\u00e9 des artistes et des professionnels de la culture \u00e0 soutenir la promotion des pratiques artistiques et culturelles et \u00e0 adopter des approches ax\u00e9es sur les valeurs. Chaque atelier est une occasion pour partager des connaissances et des savoir-faire en lien avec le travail \u00e0 l&#8217;international, ainsi que d&#8217;outiller les acteurs culturels pour soutenir le d\u00e9veloppement artistique et \u00e9conomique de leur communaut\u00e9 dans leur propre contexte. La formation est con\u00e7ue pour fournir un contexte et un aper\u00e7u des tendances et des opportunit\u00e9s li\u00e9es \u00e0 la mobilit\u00e9 culturelle internationale, ainsi que des outils pour continuer \u00e0 former d&#8217;autres artistes et professionnels de la culture dans leurs contextes respectifs. Le programme de d\u00e9veloppement professionnel de deux jours suivra avec la publication en ligne du Guide de financement de la mobilit\u00e9 culturelle d\u00e9di\u00e9 \u00e0 la r\u00e9gion sud de la M\u00e9diterran\u00e9e.<\/p>\t\t\t\t\t\t<\/div>\n\t\t\t\t<\/div>\n\t\t\t\t<div class=\"elementor-element elementor-element-f25bcb9 elementor-widget elementor-widget-button\" data-id=\"f25bcb9\" data-element_type=\"widget\" data-widget_type=\"button.default\">\n\t\t\t\t<div class=\"elementor-widget-container\">\n\t\t\t\t\t<div class=\"elementor-button-wrapper\">\n\t\t\t<a class=\"elementor-button elementor-button-link elementor-size-sm\" href=\"https:\/\/on-the-move.org\/news\/open-call-workshop-cultural-mobility-developers-tunis-tunisia\" target=\"_blank\">\n\t\t\t\t\t\t<span class=\"elementor-button-content-wrapper\">\n\t\t\t\t\t\t\t\t\t<span class=\"elementor-button-text\">Plus d'informations<\/span>\n\t\t\t\t\t<\/span>\n\t\t\t\t\t<\/a>\n\t\t<\/div>\n\t\t\t\t<\/div>\n\t\t\t\t<\/div>\n\t\t\t\t\t<\/div>\n\t\t<\/div>\n\t\t\t\t\t<\/div>\n\t\t<\/section>\n\t\t\t\t<\/div>\n\t\t","protected":false},"excerpt":{"rendered":"<p>Dans le cadre de son programme pluriannuel, On the Move propose chaque ann\u00e9e un atelier pour les acteurs de la mobilit\u00e9 culturelle. L&#8217;objectif est de&#8230;<\/p>\n","protected":false},"author":122,"featured_media":11213,"comment_status":"open","ping_status":"open","sticky":false,"template":"","format":"standard","meta":{"footnotes":""},"categories":[20],"tags":[],"class_list":["post-11198","post","type-post","status-publish","format-standard","has-post-thumbnail","hentry","category-news"],"_links":{"self":[{"href":"https:\/\/www.cimettafund.org\/en\/wp-json\/wp\/v2\/posts\/11198","targetHints":{"allow":["GET"]}}],"collection":[{"href":"https:\/\/www.cimettafund.org\/en\/wp-json\/wp\/v2\/posts"}],"about":[{"href":"https:\/\/www.cimettafund.org\/en\/wp-json\/wp\/v2\/types\/post"}],"author":[{"embeddable":true,"href":"https:\/\/www.cimettafund.org\/en\/wp-json\/wp\/v2\/users\/122"}],"replies":[{"embeddable":true,"href":"https:\/\/www.cimettafund.org\/en\/wp-json\/wp\/v2\/comments?post=11198"}],"version-history":[{"count":7,"href":"https:\/\/www.cimettafund.org\/en\/wp-json\/wp\/v2\/posts\/11198\/revisions"}],"predecessor-version":[{"id":11227,"href":"https:\/\/www.cimettafund.org\/en\/wp-json\/wp\/v2\/posts\/11198\/revisions\/11227"}],"wp:featuredmedia":[{"embeddable":true,"href":"https:\/\/www.cimettafund.org\/en\/wp-json\/wp\/v2\/media\/11213"}],"wp:attachment":[{"href":"https:\/\/www.cimettafund.org\/en\/wp-json\/wp\/v2\/media?parent=11198"}],"wp:term":[{"taxonomy":"category","embeddable":true,"href":"https:\/\/www.cimettafund.org\/en\/wp-json\/wp\/v2\/categories?post=11198"},{"taxonomy":"post_tag","embeddable":true,"href":"https:\/\/www.cimettafund.org\/en\/wp-json\/wp\/v2\/tags?post=11198"}],"curies":[{"name":"wp","href":"https:\/\/api.w.org\/{rel}","templated":true}]}}