{"id":11081,"date":"2022-12-22T10:16:52","date_gmt":"2022-12-22T10:16:52","guid":{"rendered":"https:\/\/www.cimettafund.org\/blog\/2022\/12\/22\/forum-10-years-of-cooperative-platform\/"},"modified":"2022-12-23T15:39:45","modified_gmt":"2022-12-23T15:39:45","slug":"forum-10-years-of-cooperative-platform","status":"publish","type":"post","link":"https:\/\/www.cimettafund.org\/en\/blog\/2022\/12\/22\/forum-10-years-of-cooperative-platform\/","title":{"rendered":"Forum &#8211; 10 years of Cooperative platform"},"content":{"rendered":"\t\t<div data-elementor-type=\"wp-post\" data-elementor-id=\"11081\" class=\"elementor elementor-11081 elementor-10977\">\n\t\t\t\t\t\t<section class=\"elementor-section elementor-top-section elementor-element elementor-element-6219ac15 elementor-section-boxed elementor-section-height-default elementor-section-height-default\" data-id=\"6219ac15\" data-element_type=\"section\">\n\t\t\t\t\t\t<div class=\"elementor-container elementor-column-gap-default\">\n\t\t\t\t\t<div class=\"elementor-column elementor-col-100 elementor-top-column elementor-element elementor-element-6e1f75dd\" data-id=\"6e1f75dd\" data-element_type=\"column\">\n\t\t\t<div class=\"elementor-widget-wrap elementor-element-populated\">\n\t\t\t\t\t\t<div class=\"elementor-element elementor-element-a73c3fa elementor-widget elementor-widget-image\" data-id=\"a73c3fa\" data-element_type=\"widget\" data-widget_type=\"image.default\">\n\t\t\t\t<div class=\"elementor-widget-container\">\n\t\t\t<style>\/*! elementor - v3.22.0 - 26-06-2024 *\/\n.elementor-widget-image{text-align:center}.elementor-widget-image a{display:inline-block}.elementor-widget-image a img[src$=\".svg\"]{width:48px}.elementor-widget-image img{vertical-align:middle;display:inline-block}<\/style>\t\t\t\t\t\t\t\t\t\t<img fetchpriority=\"high\" decoding=\"async\" width=\"1024\" height=\"320\" src=\"https:\/\/www.cimettafund.org\/wp-content\/uploads\/2022\/12\/Sans-titre-23-1-1024x320.png\" class=\"attachment-large size-large wp-image-10987\" alt=\"\" srcset=\"https:\/\/www.cimettafund.org\/wp-content\/uploads\/2022\/12\/Sans-titre-23-1-1024x320.png 1024w, https:\/\/www.cimettafund.org\/wp-content\/uploads\/2022\/12\/Sans-titre-23-1-300x94.png 300w, https:\/\/www.cimettafund.org\/wp-content\/uploads\/2022\/12\/Sans-titre-23-1-768x240.png 768w, https:\/\/www.cimettafund.org\/wp-content\/uploads\/2022\/12\/Sans-titre-23-1-1536x480.png 1536w, https:\/\/www.cimettafund.org\/wp-content\/uploads\/2022\/12\/Sans-titre-23-1-415x130.png 415w, https:\/\/www.cimettafund.org\/wp-content\/uploads\/2022\/12\/Sans-titre-23-1-650x203.png 650w, https:\/\/www.cimettafund.org\/wp-content\/uploads\/2022\/12\/Sans-titre-23-1-250x78.png 250w, https:\/\/www.cimettafund.org\/wp-content\/uploads\/2022\/12\/Sans-titre-23-1-600x188.png 600w, https:\/\/www.cimettafund.org\/wp-content\/uploads\/2022\/12\/Sans-titre-23-1.png 1920w\" sizes=\"(max-width: 1024px) 100vw, 1024px\" \/>\t\t\t\t\t\t\t\t\t\t\t\t\t<\/div>\n\t\t\t\t<\/div>\n\t\t\t\t<div class=\"elementor-element elementor-element-7c393c90 elementor-widget elementor-widget-text-editor\" data-id=\"7c393c90\" data-element_type=\"widget\" data-widget_type=\"text-editor.default\">\n\t\t\t\t<div class=\"elementor-widget-container\">\n\t\t\t<style>\/*! elementor - v3.22.0 - 26-06-2024 *\/\n.elementor-widget-text-editor.elementor-drop-cap-view-stacked .elementor-drop-cap{background-color:#69727d;color:#fff}.elementor-widget-text-editor.elementor-drop-cap-view-framed .elementor-drop-cap{color:#69727d;border:3px solid;background-color:transparent}.elementor-widget-text-editor:not(.elementor-drop-cap-view-default) .elementor-drop-cap{margin-top:8px}.elementor-widget-text-editor:not(.elementor-drop-cap-view-default) .elementor-drop-cap-letter{width:1em;height:1em}.elementor-widget-text-editor .elementor-drop-cap{float:left;text-align:center;line-height:1;font-size:50px}.elementor-widget-text-editor .elementor-drop-cap-letter{display:inline-block}<\/style>\t\t\t\t<p><span style=\"font-size: inherit; background-color: var(--gt-background-color);\">La plateforme r\u00e9gionale <\/span><b style=\"font-size: inherit; background-color: var(--gt-background-color);\">Kooperativa<\/b><span style=\"font-size: inherit; background-color: var(--gt-background-color);\"> qui rassemble une quarantaine d\u2019organisations culturelles dans les Balkans, a f\u00eat\u00e9 son 10\u00e8me anniversaire du <\/span><b style=\"font-size: inherit; background-color: var(--gt-background-color);\">14 <\/b><span style=\"font-size: inherit; background-color: var(--gt-background-color);\">au <\/span><b style=\"font-size: inherit; background-color: var(--gt-background-color);\">16 d\u00e9cembre<\/b><span style=\"font-size: inherit; background-color: var(--gt-background-color);\"> \u00e0 <\/span><b style=\"font-size: inherit; background-color: var(--gt-background-color);\">Zagreb<\/b><span style=\"font-size: inherit; background-color: var(--gt-background-color);\">. Ce forum a donn\u00e9 l\u2019occasion de f\u00e9d\u00e9rer des artistes, des op\u00e9rateurs culturels et des d\u00e9cideurs issus de domaines et pays divers, dans le but de r\u00e9fl\u00e9chir sur le pass\u00e9 et se pr\u00e9parer \u00e0 de nouveaux d\u00e9fis dans la coop\u00e9ration de l\u2019Europe du Sud-Est (et ailleurs), et Le Fonds Roberto Cimetta a apport\u00e9 sa contribution au d\u00e9bat.<\/span><\/p><\/p>\n\t\t\t\t\t\t<\/div>\n\t\t\t\t<\/div>\n\t\t\t\t<div class=\"elementor-element elementor-element-f25bcb9 elementor-widget elementor-widget-button\" data-id=\"f25bcb9\" data-element_type=\"widget\" data-widget_type=\"button.default\">\n\t\t\t\t<div class=\"elementor-widget-container\">\n\t\t\t\t\t<div class=\"elementor-button-wrapper\">\n\t\t\t<a class=\"elementor-button elementor-button-link elementor-size-sm\" href=\"https:\/\/platforma-kooperativa.org\/news\/from-resilience-towards-sustainabilitybuilding-cultural-ecosystems-through-regional-cooperation\/?fbclid=IwAR1_KP0Nlw3S6PBDKjn5TS4yulZjasE3x1tyIlo68O6GgJfJ84usa_pfrX4\" target=\"_blank\">\n\t\t\t\t\t\t<span class=\"elementor-button-content-wrapper\">\n\t\t\t\t\t\t\t\t\t<span class=\"elementor-button-text\">Plus d'informations<\/span>\n\t\t\t\t\t<\/span>\n\t\t\t\t\t<\/a>\n\t\t<\/div>\n\t\t\t\t<\/div>\n\t\t\t\t<\/div>\n\t\t\t\t\t<\/div>\n\t\t<\/div>\n\t\t\t\t\t<\/div>\n\t\t<\/section>\n\t\t\t\t<\/div>\n\t\t","protected":false},"excerpt":{"rendered":"<p>La plateforme r\u00e9gionale Kooperativa qui rassemble une quarantaine d\u2019organisations culturelles dans les Balkans, a f\u00eat\u00e9 son 10\u00e8me anniversaire du 14 au 16 d\u00e9cembre \u00e0 Zagreb&#8230;.<\/p>\n","protected":false},"author":122,"featured_media":10994,"comment_status":"open","ping_status":"open","sticky":false,"template":"","format":"standard","meta":{"footnotes":""},"categories":[220],"tags":[],"class_list":["post-11081","post","type-post","status-publish","format-standard","has-post-thumbnail","hentry","category-news-en"],"_links":{"self":[{"href":"https:\/\/www.cimettafund.org\/en\/wp-json\/wp\/v2\/posts\/11081","targetHints":{"allow":["GET"]}}],"collection":[{"href":"https:\/\/www.cimettafund.org\/en\/wp-json\/wp\/v2\/posts"}],"about":[{"href":"https:\/\/www.cimettafund.org\/en\/wp-json\/wp\/v2\/types\/post"}],"author":[{"embeddable":true,"href":"https:\/\/www.cimettafund.org\/en\/wp-json\/wp\/v2\/users\/122"}],"replies":[{"embeddable":true,"href":"https:\/\/www.cimettafund.org\/en\/wp-json\/wp\/v2\/comments?post=11081"}],"version-history":[{"count":0,"href":"https:\/\/www.cimettafund.org\/en\/wp-json\/wp\/v2\/posts\/11081\/revisions"}],"wp:featuredmedia":[{"embeddable":true,"href":"https:\/\/www.cimettafund.org\/en\/wp-json\/wp\/v2\/media\/10994"}],"wp:attachment":[{"href":"https:\/\/www.cimettafund.org\/en\/wp-json\/wp\/v2\/media?parent=11081"}],"wp:term":[{"taxonomy":"category","embeddable":true,"href":"https:\/\/www.cimettafund.org\/en\/wp-json\/wp\/v2\/categories?post=11081"},{"taxonomy":"post_tag","embeddable":true,"href":"https:\/\/www.cimettafund.org\/en\/wp-json\/wp\/v2\/tags?post=11081"}],"curies":[{"name":"wp","href":"https:\/\/api.w.org\/{rel}","templated":true}]}}