{"id":12105,"date":"2023-11-14T09:33:23","date_gmt":"2023-11-14T09:33:23","guid":{"rendered":"https:\/\/www.cimettafund.org\/blog\/2023\/11\/14\/appel-a-candidatures-taethir\/"},"modified":"2023-11-14T09:49:53","modified_gmt":"2023-11-14T09:49:53","slug":"appel-a-candidatures-taethir","status":"publish","type":"post","link":"https:\/\/www.cimettafund.org\/ar\/blog\/2023\/11\/14\/appel-a-candidatures-taethir\/","title":{"rendered":"Appel \u00e0 candidatures Tae\u2019thir"},"content":{"rendered":"\t\t<div data-elementor-type=\"wp-post\" data-elementor-id=\"12105\" class=\"elementor elementor-12105 elementor-12097\">\n\t\t\t\t\t\t<section class=\"elementor-section elementor-top-section elementor-element elementor-element-6219ac15 elementor-section-boxed elementor-section-height-default elementor-section-height-default\" data-id=\"6219ac15\" data-element_type=\"section\">\n\t\t\t\t\t\t<div class=\"elementor-container elementor-column-gap-default\">\n\t\t\t\t\t<div class=\"elementor-column elementor-col-100 elementor-top-column elementor-element elementor-element-6e1f75dd\" data-id=\"6e1f75dd\" data-element_type=\"column\">\n\t\t\t<div class=\"elementor-widget-wrap elementor-element-populated\">\n\t\t\t\t\t\t<div class=\"elementor-element elementor-element-a73c3fa elementor-widget elementor-widget-image\" data-id=\"a73c3fa\" data-element_type=\"widget\" data-widget_type=\"image.default\">\n\t\t\t\t<div class=\"elementor-widget-container\">\n\t\t\t<style>\/*! elementor - v3.22.0 - 26-06-2024 *\/\n.elementor-widget-image{text-align:center}.elementor-widget-image a{display:inline-block}.elementor-widget-image a img[src$=\".svg\"]{width:48px}.elementor-widget-image img{vertical-align:middle;display:inline-block}<\/style>\t\t\t\t\t\t\t\t\t\t<img fetchpriority=\"high\" decoding=\"async\" width=\"880\" height=\"472\" src=\"https:\/\/www.cimettafund.org\/wp-content\/uploads\/2023\/09\/anna-lindh.jpeg\" class=\"attachment-large size-large wp-image-12075\" alt=\"\" srcset=\"https:\/\/www.cimettafund.org\/wp-content\/uploads\/2023\/09\/anna-lindh.jpeg 880w, https:\/\/www.cimettafund.org\/wp-content\/uploads\/2023\/09\/anna-lindh-300x161.jpeg 300w, https:\/\/www.cimettafund.org\/wp-content\/uploads\/2023\/09\/anna-lindh-768x412.jpeg 768w, https:\/\/www.cimettafund.org\/wp-content\/uploads\/2023\/09\/anna-lindh-415x223.jpeg 415w, https:\/\/www.cimettafund.org\/wp-content\/uploads\/2023\/09\/anna-lindh-650x349.jpeg 650w, https:\/\/www.cimettafund.org\/wp-content\/uploads\/2023\/09\/anna-lindh-250x134.jpeg 250w\" sizes=\"(max-width: 880px) 100vw, 880px\" \/>\t\t\t\t\t\t\t\t\t\t\t\t\t<\/div>\n\t\t\t\t<\/div>\n\t\t\t\t<div class=\"elementor-element elementor-element-7c393c90 elementor-widget elementor-widget-text-editor\" data-id=\"7c393c90\" data-element_type=\"widget\" data-widget_type=\"text-editor.default\">\n\t\t\t\t<div class=\"elementor-widget-container\">\n\t\t\t<style>\/*! elementor - v3.22.0 - 26-06-2024 *\/\n.elementor-widget-text-editor.elementor-drop-cap-view-stacked .elementor-drop-cap{background-color:#69727d;color:#fff}.elementor-widget-text-editor.elementor-drop-cap-view-framed .elementor-drop-cap{color:#69727d;border:3px solid;background-color:transparent}.elementor-widget-text-editor:not(.elementor-drop-cap-view-default) .elementor-drop-cap{margin-top:8px}.elementor-widget-text-editor:not(.elementor-drop-cap-view-default) .elementor-drop-cap-letter{width:1em;height:1em}.elementor-widget-text-editor .elementor-drop-cap{float:left;text-align:center;line-height:1;font-size:50px}.elementor-widget-text-editor .elementor-drop-cap-letter{display:inline-block}<\/style>\t\t\t\t<p><b>Le projet Tae\u2019thir,<\/b> \u201cinfluence\u201d en arabe, vise \u00e0 promouvoir les droits humains en M\u00e9diterran\u00e9e en s\u2019appuyant sur les pratiques num\u00e9riques et artistiques des jeunes. L\u2019art et la cr\u00e9ation num\u00e9rique ont la capacit\u00e9 de susciter l\u2019inspiration et d\u2019\u00e9voquer l\u2019empathie, atteignant ainsi un public qui d\u00e9passe le champ d\u2019action des organisations traditionnelles de d\u00e9fense des droits humains. Ainsi, gr\u00e2ce \u00e0 cette convergence entre l&#8217;art, la cr\u00e9ation num\u00e9rique et l&#8217;engagement pour les droits humains, le projet Tae&#8217;thir cherche \u00e0 cr\u00e9er un impact profond en touchant et en inspirant un large public, contribuant ainsi \u00e0 sensibiliser et \u00e0 mobiliser de mani\u00e8re innovante autour des enjeux des droits humains dans la r\u00e9gion m\u00e9diterran\u00e9enne.<\/p><p>Pour ce faire, des sessions en ligne seront organis\u00e9es avec des conf\u00e9rences, des webinaires et des discussions explorant les intersections entre les arts, les droits humains, la politique et les pratiques sociales. Le programme comprend \u00e9galement la participation \u00e0 un projet de recherche, un processus de mentorat, un syst\u00e8me de financement en cascade et la participation \u00e0 des r\u00e9unions de parties prenantes \u00e0 Marseille.<\/p><p>L\u2019appel \u00e0 candidatures est ouvert aux <b>jeunes artistes et cr\u00e9ateur\u00b7rices de contenu num\u00e9rique<\/b> \u00e2g\u00e9\u00b7e\u00b7s de 21 \u00e0 35 ans selon la r\u00e9partition suivante :<\/p><ul><li><span style=\"font-size: inherit; background-color: var(--gt-background-color);\">Environ 70 % des projets seront port\u00e9s par des jeunes des pays suivants de la rive sud de la M\u00e9diterran\u00e9e : Alg\u00e9rie, Egypte, Jordanie, Liban, Libye, Maroc, Palestine, Syrie, Tunisie et Turquie.<\/span><\/li><li><span style=\"font-size: inherit; background-color: var(--gt-background-color);\">Environ 30 % des projets seront port\u00e9s par des jeunes des pays de la rive nord de la M\u00e9diterran\u00e9e suivants : Chypre, France, Gr\u00e8ce, Italie, Malte, Portugal et Espagne.<\/span><\/li><\/ul><p>Les candidat\u00b7e\u00b7s ne doivent pas r\u00e9sider dans les pays susmentionn\u00e9s, mais en \u00eatre originaires.<\/p><p>Le projet est port\u00e9 par <i>le R\u00e9seau Euromed France (REF)<\/i>, <i>le Cairo Institute for Human Rights Studies (CIHRS)<\/i>, les Instants vid\u00e9o num\u00e9riques et po\u00e9tiques et la Ligue de l&#8217;enseignement des Bouches du Rh\u00f4ne, en partenariat avec la <i>Ligue des Droits de l&#8217;Homme et l&#8217;iReMMO-Suds<\/i>. Le projet est soutenu financi\u00e8rement par <i>l&#8217;Agence fran\u00e7aise de<\/i> d\u00e9veloppement. Le projet, d&#8217;une dur\u00e9e de trois ans, vient d&#8217;\u00eatre lanc\u00e9 \u00e0 Marseille, France, en septembre 2023.<\/p><p>la date de cl\u00f4ture de l&#8217;appel \u00e0 candidatures est le <b>27 novembre 2023<\/b> et les r\u00e9sultats seront annonc\u00e9s le <b>20 d\u00e9cembre 2023.<\/b><\/p><p>\u00a0<\/p>\t\t\t\t\t\t<\/div>\n\t\t\t\t<\/div>\n\t\t\t\t<div class=\"elementor-element elementor-element-f25bcb9 elementor-align-left elementor-widget elementor-widget-button\" data-id=\"f25bcb9\" data-element_type=\"widget\" data-widget_type=\"button.default\">\n\t\t\t\t<div class=\"elementor-widget-container\">\n\t\t\t\t\t<div class=\"elementor-button-wrapper\">\n\t\t\t<a class=\"elementor-button elementor-button-link elementor-size-md\" href=\"https:\/\/www.euromed-france.org\/wp-content\/uploads\/2023\/11\/Taethir_Appel-a-candidatures_FR.pdf\" target=\"_blank\">\n\t\t\t\t\t\t<span class=\"elementor-button-content-wrapper\">\n\t\t\t\t\t\t\t\t\t<span class=\"elementor-button-text\">Plus d'informations<\/span>\n\t\t\t\t\t<\/span>\n\t\t\t\t\t<\/a>\n\t\t<\/div>\n\t\t\t\t<\/div>\n\t\t\t\t<\/div>\n\t\t\t\t<div class=\"elementor-element elementor-element-ffb1d0c elementor-widget elementor-widget-spacer\" data-id=\"ffb1d0c\" data-element_type=\"widget\" data-widget_type=\"spacer.default\">\n\t\t\t\t<div class=\"elementor-widget-container\">\n\t\t\t<style>\/*! elementor - v3.22.0 - 26-06-2024 *\/\n.elementor-column .elementor-spacer-inner{height:var(--spacer-size)}.e-con{--container-widget-width:100%}.e-con-inner>.elementor-widget-spacer,.e-con>.elementor-widget-spacer{width:var(--container-widget-width,var(--spacer-size));--align-self:var(--container-widget-align-self,initial);--flex-shrink:0}.e-con-inner>.elementor-widget-spacer>.elementor-widget-container,.e-con>.elementor-widget-spacer>.elementor-widget-container{height:100%;width:100%}.e-con-inner>.elementor-widget-spacer>.elementor-widget-container>.elementor-spacer,.e-con>.elementor-widget-spacer>.elementor-widget-container>.elementor-spacer{height:100%}.e-con-inner>.elementor-widget-spacer>.elementor-widget-container>.elementor-spacer>.elementor-spacer-inner,.e-con>.elementor-widget-spacer>.elementor-widget-container>.elementor-spacer>.elementor-spacer-inner{height:var(--container-widget-height,var(--spacer-size))}.e-con-inner>.elementor-widget-spacer.elementor-widget-empty,.e-con>.elementor-widget-spacer.elementor-widget-empty{position:relative;min-height:22px;min-width:22px}.e-con-inner>.elementor-widget-spacer.elementor-widget-empty .elementor-widget-empty-icon,.e-con>.elementor-widget-spacer.elementor-widget-empty .elementor-widget-empty-icon{position:absolute;top:0;bottom:0;left:0;right:0;margin:auto;padding:0;width:22px;height:22px}<\/style>\t\t<div class=\"elementor-spacer\">\n\t\t\t<div class=\"elementor-spacer-inner\"><\/div>\n\t\t<\/div>\n\t\t\t\t<\/div>\n\t\t\t\t<\/div>\n\t\t\t\t\t<\/div>\n\t\t<\/div>\n\t\t\t\t\t<\/div>\n\t\t<\/section>\n\t\t\t\t<\/div>\n\t\t","protected":false},"excerpt":{"rendered":"<p>Le projet Tae\u2019thir, \u201cinfluence\u201d en arabe, vise \u00e0 promouvoir les droits humains en M\u00e9diterran\u00e9e en s\u2019appuyant sur les pratiques num\u00e9riques et artistiques des jeunes. L\u2019art&#8230;<\/p>\n","protected":false},"author":122,"featured_media":12103,"comment_status":"open","ping_status":"open","sticky":false,"template":"","format":"standard","meta":{"footnotes":""},"categories":[219],"tags":[],"class_list":["post-12105","post","type-post","status-publish","format-standard","has-post-thumbnail","hentry","category-news-ar"],"_links":{"self":[{"href":"https:\/\/www.cimettafund.org\/ar\/wp-json\/wp\/v2\/posts\/12105","targetHints":{"allow":["GET"]}}],"collection":[{"href":"https:\/\/www.cimettafund.org\/ar\/wp-json\/wp\/v2\/posts"}],"about":[{"href":"https:\/\/www.cimettafund.org\/ar\/wp-json\/wp\/v2\/types\/post"}],"author":[{"embeddable":true,"href":"https:\/\/www.cimettafund.org\/ar\/wp-json\/wp\/v2\/users\/122"}],"replies":[{"embeddable":true,"href":"https:\/\/www.cimettafund.org\/ar\/wp-json\/wp\/v2\/comments?post=12105"}],"version-history":[{"count":1,"href":"https:\/\/www.cimettafund.org\/ar\/wp-json\/wp\/v2\/posts\/12105\/revisions"}],"predecessor-version":[{"id":12109,"href":"https:\/\/www.cimettafund.org\/ar\/wp-json\/wp\/v2\/posts\/12105\/revisions\/12109"}],"wp:featuredmedia":[{"embeddable":true,"href":"https:\/\/www.cimettafund.org\/ar\/wp-json\/wp\/v2\/media\/12103"}],"wp:attachment":[{"href":"https:\/\/www.cimettafund.org\/ar\/wp-json\/wp\/v2\/media?parent=12105"}],"wp:term":[{"taxonomy":"category","embeddable":true,"href":"https:\/\/www.cimettafund.org\/ar\/wp-json\/wp\/v2\/categories?post=12105"},{"taxonomy":"post_tag","embeddable":true,"href":"https:\/\/www.cimettafund.org\/ar\/wp-json\/wp\/v2\/tags?post=12105"}],"curies":[{"name":"wp","href":"https:\/\/api.w.org\/{rel}","templated":true}]}}